{"id":950,"date":"2018-01-04T12:28:46","date_gmt":"2018-01-04T11:28:46","guid":{"rendered":"http:\/\/etho-diversite.fr\/?p=950"},"modified":"2018-01-04T12:37:49","modified_gmt":"2018-01-04T11:37:49","slug":"relation-homme-animal","status":"publish","type":"post","link":"https:\/\/www.etho-diversite.fr\/index.php\/2018\/01\/04\/relation-homme-animal\/","title":{"rendered":"Relation Homme\/Animal : Bien \u00eatre des Animaux"},"content":{"rendered":"<p><iframe loading=\"lazy\" width=\"720\" height=\"405\" src=\"https:\/\/www.youtube.com\/embed\/e-cFgQlyqx0?feature=oembed\" frameborder=\"0\" gesture=\"media\" allow=\"encrypted-media\" allowfullscreen><\/iframe><\/p>\n<p>Synth\u00e8se de mon travail relationnel au quotidien avec mon troupeau <strong>de jeunes bovins Salers.<\/strong><br \/>\nLors de mes formations, <strong>cette question<\/strong> revient souvent <em>\u00ab Combien de temps doit-on accorder aux animaux quotidiennement ?<\/em> \u00bb<\/p>\n<p style=\"text-align: justify;\"><!--more--><br \/>\n<strong>R\u00e9ponse :<\/strong> <em>\u00ab Les visites ne doivent pas \u00eatre forc\u00e9ment trop longues (15 \u00e0 30 min) mais constructives avec une conscience de tous les gestes envers les animaux. Pratiquer au maximum le R+. Ces visites servent \u00e0 la d\u00e9couverte et l\u2019exploration de l\u2019humain pour petit \u00e0 petit prendre confiance en lui, rechercher son contact et non le fuir. Un peu de temps consacr\u00e9 aux animaux \u00e0 la p\u00e9riode du sevrage en fait gagner beaucoup par la suite.\u00a0<\/em><br \/>\n<em>Autre b\u00e9n\u00e9fice : la docilit\u00e9 des animaux ! Ils sont moins \u00e9motifs, moins peureux et donc plus faciles \u00e0 manipuler. Plus de plaisir de travailler \u00e0 leurs c\u00f4t\u00e9s \u00bb.<\/em><\/p>\n<p>&nbsp;<\/p>\n<h2 style=\"text-align: center;\"><strong>La relation Homme\/Animal dans un \u00e9levage.\u00a0<\/strong><\/h2>\n<blockquote>\n<p style=\"text-align: center;\">Interactions positives = association positive avec l\u2019humain.<br \/>\nAnimaux moins \u00e9motifs et moins craintifs = plus faciles \u00e0 mener et \u00e0 soigner au quotidien\u00a0= PLAISIR AU TRAVAIL<\/p>\n<\/blockquote>\n","protected":false},"excerpt":{"rendered":"<p>Synth\u00e8se de mon travail relationnel au quotidien avec mon troupeau de jeunes bovins Salers. Lors de mes formations, cette question revient souvent \u00ab Combien de temps doit-on accorder aux animaux quotidiennement ? \u00bb<\/p>\n","protected":false},"author":1,"featured_media":0,"comment_status":"open","ping_status":"open","sticky":false,"template":"","format":"video","meta":{"_exactmetrics_skip_tracking":false,"_exactmetrics_sitenote_active":false,"_exactmetrics_sitenote_note":"","_exactmetrics_sitenote_category":0},"categories":[6],"tags":[],"yoast_head":"<!-- This site is optimized with the Yoast SEO plugin v21.8.1 - https:\/\/yoast.com\/wordpress\/plugins\/seo\/ -->\n<title>Relation Homme\/Animal : Bien \u00eatre des Animaux - Etho-Diversit\u00e9<\/title>\n<meta name=\"robots\" content=\"index, follow, max-snippet:-1, max-image-preview:large, max-video-preview:-1\" \/>\n<link rel=\"canonical\" href=\"https:\/\/www.etho-diversite.fr\/index.php\/2018\/01\/04\/relation-homme-animal\/\" \/>\n<meta property=\"og:locale\" content=\"fr_FR\" \/>\n<meta property=\"og:type\" content=\"article\" \/>\n<meta property=\"og:title\" content=\"Relation Homme\/Animal : Bien \u00eatre des Animaux - Etho-Diversit\u00e9\" \/>\n<meta property=\"og:description\" content=\"Synth\u00e8se de mon travail relationnel au quotidien avec mon troupeau de jeunes bovins Salers. Lors de mes formations, cette question revient souvent \u00ab Combien de temps doit-on accorder aux animaux quotidiennement ? \u00bb\" \/>\n<meta property=\"og:url\" content=\"https:\/\/www.etho-diversite.fr\/index.php\/2018\/01\/04\/relation-homme-animal\/\" \/>\n<meta property=\"og:site_name\" content=\"Etho-Diversit\u00e9\" \/>\n<meta property=\"article:published_time\" content=\"2018-01-04T11:28:46+00:00\" \/>\n<meta property=\"article:modified_time\" content=\"2018-01-04T11:37:49+00:00\" \/>\n<meta name=\"author\" content=\"Pauline GARCIA | Etho-Diversit\u00e9\" \/>\n<meta name=\"twitter:card\" content=\"summary_large_image\" \/>\n<meta name=\"twitter:creator\" content=\"@etho_diversite\" \/>\n<meta name=\"twitter:site\" content=\"@etho_diversite\" \/>\n<meta name=\"twitter:label1\" content=\"\u00c9crit par\" \/>\n\t<meta name=\"twitter:data1\" content=\"Pauline GARCIA | Etho-Diversit\u00e9\" \/>\n\t<meta name=\"twitter:label2\" content=\"Dur\u00e9e de lecture estim\u00e9e\" \/>\n\t<meta name=\"twitter:data2\" content=\"1 minute\" \/>\n<script type=\"application\/ld+json\" class=\"yoast-schema-graph\">{\"@context\":\"https:\/\/schema.org\",\"@graph\":[{\"@type\":\"Article\",\"@id\":\"https:\/\/www.etho-diversite.fr\/index.php\/2018\/01\/04\/relation-homme-animal\/#article\",\"isPartOf\":{\"@id\":\"https:\/\/www.etho-diversite.fr\/index.php\/2018\/01\/04\/relation-homme-animal\/\"},\"author\":{\"name\":\"Pauline GARCIA | Etho-Diversit\u00e9\",\"@id\":\"https:\/\/www.etho-diversite.fr\/#\/schema\/person\/2db05b23d32d661768744ef0b2e3ed03\"},\"headline\":\"Relation Homme\/Animal : Bien \u00eatre des Animaux\",\"datePublished\":\"2018-01-04T11:28:46+00:00\",\"dateModified\":\"2018-01-04T11:37:49+00:00\",\"mainEntityOfPage\":{\"@id\":\"https:\/\/www.etho-diversite.fr\/index.php\/2018\/01\/04\/relation-homme-animal\/\"},\"wordCount\":176,\"commentCount\":0,\"publisher\":{\"@id\":\"https:\/\/www.etho-diversite.fr\/#\/schema\/person\/2db05b23d32d661768744ef0b2e3ed03\"},\"articleSection\":[\"Les Bovins\"],\"inLanguage\":\"fr-FR\",\"potentialAction\":[{\"@type\":\"CommentAction\",\"name\":\"Comment\",\"target\":[\"https:\/\/www.etho-diversite.fr\/index.php\/2018\/01\/04\/relation-homme-animal\/#respond\"]}]},{\"@type\":\"WebPage\",\"@id\":\"https:\/\/www.etho-diversite.fr\/index.php\/2018\/01\/04\/relation-homme-animal\/\",\"url\":\"https:\/\/www.etho-diversite.fr\/index.php\/2018\/01\/04\/relation-homme-animal\/\",\"name\":\"Relation Homme\/Animal : Bien \u00eatre des Animaux - Etho-Diversit\u00e9\",\"isPartOf\":{\"@id\":\"https:\/\/www.etho-diversite.fr\/#website\"},\"datePublished\":\"2018-01-04T11:28:46+00:00\",\"dateModified\":\"2018-01-04T11:37:49+00:00\",\"breadcrumb\":{\"@id\":\"https:\/\/www.etho-diversite.fr\/index.php\/2018\/01\/04\/relation-homme-animal\/#breadcrumb\"},\"inLanguage\":\"fr-FR\",\"potentialAction\":[{\"@type\":\"ReadAction\",\"target\":[\"https:\/\/www.etho-diversite.fr\/index.php\/2018\/01\/04\/relation-homme-animal\/\"]}]},{\"@type\":\"BreadcrumbList\",\"@id\":\"https:\/\/www.etho-diversite.fr\/index.php\/2018\/01\/04\/relation-homme-animal\/#breadcrumb\",\"itemListElement\":[{\"@type\":\"ListItem\",\"position\":1,\"name\":\"Accueil\",\"item\":\"https:\/\/www.etho-diversite.fr\/\"},{\"@type\":\"ListItem\",\"position\":2,\"name\":\"Relation Homme\/Animal : Bien \u00eatre des Animaux\"}]},{\"@type\":\"WebSite\",\"@id\":\"https:\/\/www.etho-diversite.fr\/#website\",\"url\":\"https:\/\/www.etho-diversite.fr\/\",\"name\":\"Etho-Diversit\u00e9\",\"description\":\"Ethologie Appliqu\u00e9e, Education Positive | EQUINS - BOVINS - CAPRINS\",\"publisher\":{\"@id\":\"https:\/\/www.etho-diversite.fr\/#\/schema\/person\/2db05b23d32d661768744ef0b2e3ed03\"},\"potentialAction\":[{\"@type\":\"SearchAction\",\"target\":{\"@type\":\"EntryPoint\",\"urlTemplate\":\"https:\/\/www.etho-diversite.fr\/?s={search_term_string}\"},\"query-input\":\"required name=search_term_string\"}],\"inLanguage\":\"fr-FR\"},{\"@type\":[\"Person\",\"Organization\"],\"@id\":\"https:\/\/www.etho-diversite.fr\/#\/schema\/person\/2db05b23d32d661768744ef0b2e3ed03\",\"name\":\"Pauline GARCIA | Etho-Diversit\u00e9\",\"image\":{\"@type\":\"ImageObject\",\"inLanguage\":\"fr-FR\",\"@id\":\"https:\/\/www.etho-diversite.fr\/#\/schema\/person\/image\/\",\"url\":\"https:\/\/www.etho-diversite.fr\/wp-content\/uploads\/2020\/07\/cropped-logo-Pauline-GARCIA-Etho-Diversit\u00e9-version-2019.jpg\",\"contentUrl\":\"https:\/\/www.etho-diversite.fr\/wp-content\/uploads\/2020\/07\/cropped-logo-Pauline-GARCIA-Etho-Diversit\u00e9-version-2019.jpg\",\"width\":2496,\"height\":2500,\"caption\":\"Pauline GARCIA | Etho-Diversit\u00e9\"},\"logo\":{\"@id\":\"https:\/\/www.etho-diversite.fr\/#\/schema\/person\/image\/\"},\"description\":\"\u00c9ducation positive bas\u00e9e sur l'\u00e9thologie, les besoins fondamentaux et le bien-\u00eatre de l'Animal, et plus particuli\u00e8rement ceux du cheval, de la vache, et de la ch\u00e8vre. Astuces, actualit\u00e9s, formations, stages, initiation, coaching sur etho-diversite.fr Coaching en ligne pour les 3 esp\u00e8ces et webinaire.\",\"sameAs\":[\"https:\/\/www.etho-diversit\u00e9.fr\"]}]}<\/script>\n<!-- \/ Yoast SEO plugin. -->","yoast_head_json":{"title":"Relation Homme\/Animal : Bien \u00eatre des Animaux - Etho-Diversit\u00e9","robots":{"index":"index","follow":"follow","max-snippet":"max-snippet:-1","max-image-preview":"max-image-preview:large","max-video-preview":"max-video-preview:-1"},"canonical":"https:\/\/www.etho-diversite.fr\/index.php\/2018\/01\/04\/relation-homme-animal\/","og_locale":"fr_FR","og_type":"article","og_title":"Relation Homme\/Animal : Bien \u00eatre des Animaux - Etho-Diversit\u00e9","og_description":"Synth\u00e8se de mon travail relationnel au quotidien avec mon troupeau de jeunes bovins Salers. Lors de mes formations, cette question revient souvent \u00ab Combien de temps doit-on accorder aux animaux quotidiennement ? \u00bb","og_url":"https:\/\/www.etho-diversite.fr\/index.php\/2018\/01\/04\/relation-homme-animal\/","og_site_name":"Etho-Diversit\u00e9","article_published_time":"2018-01-04T11:28:46+00:00","article_modified_time":"2018-01-04T11:37:49+00:00","author":"Pauline GARCIA | Etho-Diversit\u00e9","twitter_card":"summary_large_image","twitter_creator":"@etho_diversite","twitter_site":"@etho_diversite","twitter_misc":{"\u00c9crit par":"Pauline GARCIA | Etho-Diversit\u00e9","Dur\u00e9e de lecture estim\u00e9e":"1 minute"},"schema":{"@context":"https:\/\/schema.org","@graph":[{"@type":"Article","@id":"https:\/\/www.etho-diversite.fr\/index.php\/2018\/01\/04\/relation-homme-animal\/#article","isPartOf":{"@id":"https:\/\/www.etho-diversite.fr\/index.php\/2018\/01\/04\/relation-homme-animal\/"},"author":{"name":"Pauline GARCIA | Etho-Diversit\u00e9","@id":"https:\/\/www.etho-diversite.fr\/#\/schema\/person\/2db05b23d32d661768744ef0b2e3ed03"},"headline":"Relation Homme\/Animal : Bien \u00eatre des Animaux","datePublished":"2018-01-04T11:28:46+00:00","dateModified":"2018-01-04T11:37:49+00:00","mainEntityOfPage":{"@id":"https:\/\/www.etho-diversite.fr\/index.php\/2018\/01\/04\/relation-homme-animal\/"},"wordCount":176,"commentCount":0,"publisher":{"@id":"https:\/\/www.etho-diversite.fr\/#\/schema\/person\/2db05b23d32d661768744ef0b2e3ed03"},"articleSection":["Les Bovins"],"inLanguage":"fr-FR","potentialAction":[{"@type":"CommentAction","name":"Comment","target":["https:\/\/www.etho-diversite.fr\/index.php\/2018\/01\/04\/relation-homme-animal\/#respond"]}]},{"@type":"WebPage","@id":"https:\/\/www.etho-diversite.fr\/index.php\/2018\/01\/04\/relation-homme-animal\/","url":"https:\/\/www.etho-diversite.fr\/index.php\/2018\/01\/04\/relation-homme-animal\/","name":"Relation Homme\/Animal : Bien \u00eatre des Animaux - Etho-Diversit\u00e9","isPartOf":{"@id":"https:\/\/www.etho-diversite.fr\/#website"},"datePublished":"2018-01-04T11:28:46+00:00","dateModified":"2018-01-04T11:37:49+00:00","breadcrumb":{"@id":"https:\/\/www.etho-diversite.fr\/index.php\/2018\/01\/04\/relation-homme-animal\/#breadcrumb"},"inLanguage":"fr-FR","potentialAction":[{"@type":"ReadAction","target":["https:\/\/www.etho-diversite.fr\/index.php\/2018\/01\/04\/relation-homme-animal\/"]}]},{"@type":"BreadcrumbList","@id":"https:\/\/www.etho-diversite.fr\/index.php\/2018\/01\/04\/relation-homme-animal\/#breadcrumb","itemListElement":[{"@type":"ListItem","position":1,"name":"Accueil","item":"https:\/\/www.etho-diversite.fr\/"},{"@type":"ListItem","position":2,"name":"Relation Homme\/Animal : Bien \u00eatre des Animaux"}]},{"@type":"WebSite","@id":"https:\/\/www.etho-diversite.fr\/#website","url":"https:\/\/www.etho-diversite.fr\/","name":"Etho-Diversit\u00e9","description":"Ethologie Appliqu\u00e9e, Education Positive | EQUINS - BOVINS - CAPRINS","publisher":{"@id":"https:\/\/www.etho-diversite.fr\/#\/schema\/person\/2db05b23d32d661768744ef0b2e3ed03"},"potentialAction":[{"@type":"SearchAction","target":{"@type":"EntryPoint","urlTemplate":"https:\/\/www.etho-diversite.fr\/?s={search_term_string}"},"query-input":"required name=search_term_string"}],"inLanguage":"fr-FR"},{"@type":["Person","Organization"],"@id":"https:\/\/www.etho-diversite.fr\/#\/schema\/person\/2db05b23d32d661768744ef0b2e3ed03","name":"Pauline GARCIA | Etho-Diversit\u00e9","image":{"@type":"ImageObject","inLanguage":"fr-FR","@id":"https:\/\/www.etho-diversite.fr\/#\/schema\/person\/image\/","url":"https:\/\/www.etho-diversite.fr\/wp-content\/uploads\/2020\/07\/cropped-logo-Pauline-GARCIA-Etho-Diversit\u00e9-version-2019.jpg","contentUrl":"https:\/\/www.etho-diversite.fr\/wp-content\/uploads\/2020\/07\/cropped-logo-Pauline-GARCIA-Etho-Diversit\u00e9-version-2019.jpg","width":2496,"height":2500,"caption":"Pauline GARCIA | Etho-Diversit\u00e9"},"logo":{"@id":"https:\/\/www.etho-diversite.fr\/#\/schema\/person\/image\/"},"description":"\u00c9ducation positive bas\u00e9e sur l'\u00e9thologie, les besoins fondamentaux et le bien-\u00eatre de l'Animal, et plus particuli\u00e8rement ceux du cheval, de la vache, et de la ch\u00e8vre. Astuces, actualit\u00e9s, formations, stages, initiation, coaching sur etho-diversite.fr Coaching en ligne pour les 3 esp\u00e8ces et webinaire.","sameAs":["https:\/\/www.etho-diversit\u00e9.fr"]}]}},"_links":{"self":[{"href":"https:\/\/www.etho-diversite.fr\/index.php\/wp-json\/wp\/v2\/posts\/950"}],"collection":[{"href":"https:\/\/www.etho-diversite.fr\/index.php\/wp-json\/wp\/v2\/posts"}],"about":[{"href":"https:\/\/www.etho-diversite.fr\/index.php\/wp-json\/wp\/v2\/types\/post"}],"author":[{"embeddable":true,"href":"https:\/\/www.etho-diversite.fr\/index.php\/wp-json\/wp\/v2\/users\/1"}],"replies":[{"embeddable":true,"href":"https:\/\/www.etho-diversite.fr\/index.php\/wp-json\/wp\/v2\/comments?post=950"}],"version-history":[{"count":8,"href":"https:\/\/www.etho-diversite.fr\/index.php\/wp-json\/wp\/v2\/posts\/950\/revisions"}],"predecessor-version":[{"id":958,"href":"https:\/\/www.etho-diversite.fr\/index.php\/wp-json\/wp\/v2\/posts\/950\/revisions\/958"}],"wp:attachment":[{"href":"https:\/\/www.etho-diversite.fr\/index.php\/wp-json\/wp\/v2\/media?parent=950"}],"wp:term":[{"taxonomy":"category","embeddable":true,"href":"https:\/\/www.etho-diversite.fr\/index.php\/wp-json\/wp\/v2\/categories?post=950"},{"taxonomy":"post_tag","embeddable":true,"href":"https:\/\/www.etho-diversite.fr\/index.php\/wp-json\/wp\/v2\/tags?post=950"}],"curies":[{"name":"wp","href":"https:\/\/api.w.org\/{rel}","templated":true}]}}