{"id":959,"date":"2018-01-07T18:08:36","date_gmt":"2018-01-07T17:08:36","guid":{"rendered":"http:\/\/etho-diversite.fr\/?p=959"},"modified":"2018-01-07T18:16:04","modified_gmt":"2018-01-07T17:16:04","slug":"france-agricole-zapping-annee-2017","status":"publish","type":"post","link":"https:\/\/www.etho-diversite.fr\/index.php\/2018\/01\/07\/france-agricole-zapping-annee-2017\/","title":{"rendered":"France Agricole: Le Zapping de l\u2019Ann\u00e9e 2017"},"content":{"rendered":"<p><iframe loading=\"lazy\" width=\"720\" height=\"405\" src=\"https:\/\/www.youtube.com\/embed\/jS8q1F8QSFc?feature=oembed\" frameborder=\"0\" gesture=\"media\" allow=\"encrypted-media\" allowfullscreen><\/iframe><\/p>\n<p>Quelle surprise de se retrouver dans le\u00a0<strong>zapping 2017<\/strong> de la web revue FRANCE AGRICOLE!!<\/p>\n<p style=\"text-align: justify;\"><!--more--><br \/>\nDans la rubrique \u00ab\u00a0Relation Homme-Animal\u00a0\u00bb, retrouvez quelques secondes de mon portrait tourn\u00e9 durant l\u2019\u00e9t\u00e9 2017, j\u2019apparais avec mes\u00a0<span class=\"_5afx\"><span class=\"_58cm\">salers<\/span><\/span>\u00a0\u00e0 <strong>2min45<\/strong> du film.<\/p>\n<p style=\"text-align: justify;\">Tournage : H\u00e9l\u00e8ne Chavigne &#8211; Site web\u00a0<a href=\"http:\/\/www.lafranceagricole.fr\" target=\"_blank\" rel=\"noopener\">France Agricole\u00a0<\/a>&#8211; <a href=\"https:\/\/www.youtube.com\/channel\/UCXZVEcJ0gvuU_pmaUd195jA\" target=\"_blank\" rel=\"noopener\">cha\u00eene YouTube<\/a><\/p>\n<h1 style=\"text-align: center;\">France Agricole sur YouTube, c&rsquo;est quoi ?<\/h1>\n<blockquote>\n<p style=\"text-align: center;\">Des essais de mat\u00e9riels aux reportages sur les exploitations fran\u00e7aises, en passant par les actualit\u00e9s, retrouvez tout un condens\u00e9 de vid\u00e9os r\u00e9alis\u00e9es par les journalistes de La France Agricole en 2017.<\/p>\n<\/blockquote>\n","protected":false},"excerpt":{"rendered":"<p>Quelle surprise de se retrouver dans le\u00a0zapping 2017 de la web revue FRANCE AGRICOLE!!<\/p>\n","protected":false},"author":1,"featured_media":0,"comment_status":"open","ping_status":"open","sticky":false,"template":"","format":"video","meta":{"_exactmetrics_skip_tracking":false,"_exactmetrics_sitenote_active":false,"_exactmetrics_sitenote_note":"","_exactmetrics_sitenote_category":0},"categories":[6],"tags":[],"yoast_head":"<!-- This site is optimized with the Yoast SEO plugin v21.8.1 - https:\/\/yoast.com\/wordpress\/plugins\/seo\/ -->\n<title>France Agricole: Le Zapping de l\u2019Ann\u00e9e 2017 - Etho-Diversit\u00e9<\/title>\n<meta name=\"robots\" content=\"index, follow, max-snippet:-1, max-image-preview:large, max-video-preview:-1\" \/>\n<link rel=\"canonical\" href=\"https:\/\/www.etho-diversite.fr\/index.php\/2018\/01\/07\/france-agricole-zapping-annee-2017\/\" \/>\n<meta property=\"og:locale\" content=\"fr_FR\" \/>\n<meta property=\"og:type\" content=\"article\" \/>\n<meta property=\"og:title\" content=\"France Agricole: Le Zapping de l\u2019Ann\u00e9e 2017 - Etho-Diversit\u00e9\" \/>\n<meta property=\"og:description\" content=\"Quelle surprise de se retrouver dans le\u00a0zapping 2017 de la web revue FRANCE AGRICOLE!!\" \/>\n<meta property=\"og:url\" content=\"https:\/\/www.etho-diversite.fr\/index.php\/2018\/01\/07\/france-agricole-zapping-annee-2017\/\" \/>\n<meta property=\"og:site_name\" content=\"Etho-Diversit\u00e9\" \/>\n<meta property=\"article:published_time\" content=\"2018-01-07T17:08:36+00:00\" \/>\n<meta property=\"article:modified_time\" content=\"2018-01-07T17:16:04+00:00\" \/>\n<meta name=\"author\" content=\"Pauline GARCIA | Etho-Diversit\u00e9\" \/>\n<meta name=\"twitter:card\" content=\"summary_large_image\" \/>\n<meta name=\"twitter:creator\" content=\"@etho_diversite\" \/>\n<meta name=\"twitter:site\" content=\"@etho_diversite\" \/>\n<meta name=\"twitter:label1\" content=\"\u00c9crit par\" \/>\n\t<meta name=\"twitter:data1\" content=\"Pauline GARCIA | Etho-Diversit\u00e9\" \/>\n\t<meta name=\"twitter:label2\" content=\"Dur\u00e9e de lecture estim\u00e9e\" \/>\n\t<meta name=\"twitter:data2\" content=\"1 minute\" \/>\n<script type=\"application\/ld+json\" class=\"yoast-schema-graph\">{\"@context\":\"https:\/\/schema.org\",\"@graph\":[{\"@type\":\"Article\",\"@id\":\"https:\/\/www.etho-diversite.fr\/index.php\/2018\/01\/07\/france-agricole-zapping-annee-2017\/#article\",\"isPartOf\":{\"@id\":\"https:\/\/www.etho-diversite.fr\/index.php\/2018\/01\/07\/france-agricole-zapping-annee-2017\/\"},\"author\":{\"name\":\"Pauline GARCIA | Etho-Diversit\u00e9\",\"@id\":\"https:\/\/www.etho-diversite.fr\/#\/schema\/person\/2db05b23d32d661768744ef0b2e3ed03\"},\"headline\":\"France Agricole: Le Zapping de l\u2019Ann\u00e9e 2017\",\"datePublished\":\"2018-01-07T17:08:36+00:00\",\"dateModified\":\"2018-01-07T17:16:04+00:00\",\"mainEntityOfPage\":{\"@id\":\"https:\/\/www.etho-diversite.fr\/index.php\/2018\/01\/07\/france-agricole-zapping-annee-2017\/\"},\"wordCount\":115,\"commentCount\":0,\"publisher\":{\"@id\":\"https:\/\/www.etho-diversite.fr\/#\/schema\/person\/2db05b23d32d661768744ef0b2e3ed03\"},\"articleSection\":[\"Les Bovins\"],\"inLanguage\":\"fr-FR\",\"potentialAction\":[{\"@type\":\"CommentAction\",\"name\":\"Comment\",\"target\":[\"https:\/\/www.etho-diversite.fr\/index.php\/2018\/01\/07\/france-agricole-zapping-annee-2017\/#respond\"]}]},{\"@type\":\"WebPage\",\"@id\":\"https:\/\/www.etho-diversite.fr\/index.php\/2018\/01\/07\/france-agricole-zapping-annee-2017\/\",\"url\":\"https:\/\/www.etho-diversite.fr\/index.php\/2018\/01\/07\/france-agricole-zapping-annee-2017\/\",\"name\":\"France Agricole: Le Zapping de l\u2019Ann\u00e9e 2017 - Etho-Diversit\u00e9\",\"isPartOf\":{\"@id\":\"https:\/\/www.etho-diversite.fr\/#website\"},\"datePublished\":\"2018-01-07T17:08:36+00:00\",\"dateModified\":\"2018-01-07T17:16:04+00:00\",\"breadcrumb\":{\"@id\":\"https:\/\/www.etho-diversite.fr\/index.php\/2018\/01\/07\/france-agricole-zapping-annee-2017\/#breadcrumb\"},\"inLanguage\":\"fr-FR\",\"potentialAction\":[{\"@type\":\"ReadAction\",\"target\":[\"https:\/\/www.etho-diversite.fr\/index.php\/2018\/01\/07\/france-agricole-zapping-annee-2017\/\"]}]},{\"@type\":\"BreadcrumbList\",\"@id\":\"https:\/\/www.etho-diversite.fr\/index.php\/2018\/01\/07\/france-agricole-zapping-annee-2017\/#breadcrumb\",\"itemListElement\":[{\"@type\":\"ListItem\",\"position\":1,\"name\":\"Accueil\",\"item\":\"https:\/\/www.etho-diversite.fr\/\"},{\"@type\":\"ListItem\",\"position\":2,\"name\":\"France Agricole: Le Zapping de l\u2019Ann\u00e9e 2017\"}]},{\"@type\":\"WebSite\",\"@id\":\"https:\/\/www.etho-diversite.fr\/#website\",\"url\":\"https:\/\/www.etho-diversite.fr\/\",\"name\":\"Etho-Diversit\u00e9\",\"description\":\"Ethologie Appliqu\u00e9e, Education Positive | EQUINS - BOVINS - CAPRINS\",\"publisher\":{\"@id\":\"https:\/\/www.etho-diversite.fr\/#\/schema\/person\/2db05b23d32d661768744ef0b2e3ed03\"},\"potentialAction\":[{\"@type\":\"SearchAction\",\"target\":{\"@type\":\"EntryPoint\",\"urlTemplate\":\"https:\/\/www.etho-diversite.fr\/?s={search_term_string}\"},\"query-input\":\"required name=search_term_string\"}],\"inLanguage\":\"fr-FR\"},{\"@type\":[\"Person\",\"Organization\"],\"@id\":\"https:\/\/www.etho-diversite.fr\/#\/schema\/person\/2db05b23d32d661768744ef0b2e3ed03\",\"name\":\"Pauline GARCIA | Etho-Diversit\u00e9\",\"image\":{\"@type\":\"ImageObject\",\"inLanguage\":\"fr-FR\",\"@id\":\"https:\/\/www.etho-diversite.fr\/#\/schema\/person\/image\/\",\"url\":\"https:\/\/www.etho-diversite.fr\/wp-content\/uploads\/2020\/07\/cropped-logo-Pauline-GARCIA-Etho-Diversit\u00e9-version-2019.jpg\",\"contentUrl\":\"https:\/\/www.etho-diversite.fr\/wp-content\/uploads\/2020\/07\/cropped-logo-Pauline-GARCIA-Etho-Diversit\u00e9-version-2019.jpg\",\"width\":2496,\"height\":2500,\"caption\":\"Pauline GARCIA | Etho-Diversit\u00e9\"},\"logo\":{\"@id\":\"https:\/\/www.etho-diversite.fr\/#\/schema\/person\/image\/\"},\"description\":\"\u00c9ducation positive bas\u00e9e sur l'\u00e9thologie, les besoins fondamentaux et le bien-\u00eatre de l'Animal, et plus particuli\u00e8rement ceux du cheval, de la vache, et de la ch\u00e8vre. Astuces, actualit\u00e9s, formations, stages, initiation, coaching sur etho-diversite.fr Coaching en ligne pour les 3 esp\u00e8ces et webinaire.\",\"sameAs\":[\"https:\/\/www.etho-diversit\u00e9.fr\"]}]}<\/script>\n<!-- \/ Yoast SEO plugin. -->","yoast_head_json":{"title":"France Agricole: Le Zapping de l\u2019Ann\u00e9e 2017 - Etho-Diversit\u00e9","robots":{"index":"index","follow":"follow","max-snippet":"max-snippet:-1","max-image-preview":"max-image-preview:large","max-video-preview":"max-video-preview:-1"},"canonical":"https:\/\/www.etho-diversite.fr\/index.php\/2018\/01\/07\/france-agricole-zapping-annee-2017\/","og_locale":"fr_FR","og_type":"article","og_title":"France Agricole: Le Zapping de l\u2019Ann\u00e9e 2017 - Etho-Diversit\u00e9","og_description":"Quelle surprise de se retrouver dans le\u00a0zapping 2017 de la web revue FRANCE AGRICOLE!!","og_url":"https:\/\/www.etho-diversite.fr\/index.php\/2018\/01\/07\/france-agricole-zapping-annee-2017\/","og_site_name":"Etho-Diversit\u00e9","article_published_time":"2018-01-07T17:08:36+00:00","article_modified_time":"2018-01-07T17:16:04+00:00","author":"Pauline GARCIA | Etho-Diversit\u00e9","twitter_card":"summary_large_image","twitter_creator":"@etho_diversite","twitter_site":"@etho_diversite","twitter_misc":{"\u00c9crit par":"Pauline GARCIA | Etho-Diversit\u00e9","Dur\u00e9e de lecture estim\u00e9e":"1 minute"},"schema":{"@context":"https:\/\/schema.org","@graph":[{"@type":"Article","@id":"https:\/\/www.etho-diversite.fr\/index.php\/2018\/01\/07\/france-agricole-zapping-annee-2017\/#article","isPartOf":{"@id":"https:\/\/www.etho-diversite.fr\/index.php\/2018\/01\/07\/france-agricole-zapping-annee-2017\/"},"author":{"name":"Pauline GARCIA | Etho-Diversit\u00e9","@id":"https:\/\/www.etho-diversite.fr\/#\/schema\/person\/2db05b23d32d661768744ef0b2e3ed03"},"headline":"France Agricole: Le Zapping de l\u2019Ann\u00e9e 2017","datePublished":"2018-01-07T17:08:36+00:00","dateModified":"2018-01-07T17:16:04+00:00","mainEntityOfPage":{"@id":"https:\/\/www.etho-diversite.fr\/index.php\/2018\/01\/07\/france-agricole-zapping-annee-2017\/"},"wordCount":115,"commentCount":0,"publisher":{"@id":"https:\/\/www.etho-diversite.fr\/#\/schema\/person\/2db05b23d32d661768744ef0b2e3ed03"},"articleSection":["Les Bovins"],"inLanguage":"fr-FR","potentialAction":[{"@type":"CommentAction","name":"Comment","target":["https:\/\/www.etho-diversite.fr\/index.php\/2018\/01\/07\/france-agricole-zapping-annee-2017\/#respond"]}]},{"@type":"WebPage","@id":"https:\/\/www.etho-diversite.fr\/index.php\/2018\/01\/07\/france-agricole-zapping-annee-2017\/","url":"https:\/\/www.etho-diversite.fr\/index.php\/2018\/01\/07\/france-agricole-zapping-annee-2017\/","name":"France Agricole: Le Zapping de l\u2019Ann\u00e9e 2017 - Etho-Diversit\u00e9","isPartOf":{"@id":"https:\/\/www.etho-diversite.fr\/#website"},"datePublished":"2018-01-07T17:08:36+00:00","dateModified":"2018-01-07T17:16:04+00:00","breadcrumb":{"@id":"https:\/\/www.etho-diversite.fr\/index.php\/2018\/01\/07\/france-agricole-zapping-annee-2017\/#breadcrumb"},"inLanguage":"fr-FR","potentialAction":[{"@type":"ReadAction","target":["https:\/\/www.etho-diversite.fr\/index.php\/2018\/01\/07\/france-agricole-zapping-annee-2017\/"]}]},{"@type":"BreadcrumbList","@id":"https:\/\/www.etho-diversite.fr\/index.php\/2018\/01\/07\/france-agricole-zapping-annee-2017\/#breadcrumb","itemListElement":[{"@type":"ListItem","position":1,"name":"Accueil","item":"https:\/\/www.etho-diversite.fr\/"},{"@type":"ListItem","position":2,"name":"France Agricole: Le Zapping de l\u2019Ann\u00e9e 2017"}]},{"@type":"WebSite","@id":"https:\/\/www.etho-diversite.fr\/#website","url":"https:\/\/www.etho-diversite.fr\/","name":"Etho-Diversit\u00e9","description":"Ethologie Appliqu\u00e9e, Education Positive | EQUINS - BOVINS - CAPRINS","publisher":{"@id":"https:\/\/www.etho-diversite.fr\/#\/schema\/person\/2db05b23d32d661768744ef0b2e3ed03"},"potentialAction":[{"@type":"SearchAction","target":{"@type":"EntryPoint","urlTemplate":"https:\/\/www.etho-diversite.fr\/?s={search_term_string}"},"query-input":"required name=search_term_string"}],"inLanguage":"fr-FR"},{"@type":["Person","Organization"],"@id":"https:\/\/www.etho-diversite.fr\/#\/schema\/person\/2db05b23d32d661768744ef0b2e3ed03","name":"Pauline GARCIA | Etho-Diversit\u00e9","image":{"@type":"ImageObject","inLanguage":"fr-FR","@id":"https:\/\/www.etho-diversite.fr\/#\/schema\/person\/image\/","url":"https:\/\/www.etho-diversite.fr\/wp-content\/uploads\/2020\/07\/cropped-logo-Pauline-GARCIA-Etho-Diversit\u00e9-version-2019.jpg","contentUrl":"https:\/\/www.etho-diversite.fr\/wp-content\/uploads\/2020\/07\/cropped-logo-Pauline-GARCIA-Etho-Diversit\u00e9-version-2019.jpg","width":2496,"height":2500,"caption":"Pauline GARCIA | Etho-Diversit\u00e9"},"logo":{"@id":"https:\/\/www.etho-diversite.fr\/#\/schema\/person\/image\/"},"description":"\u00c9ducation positive bas\u00e9e sur l'\u00e9thologie, les besoins fondamentaux et le bien-\u00eatre de l'Animal, et plus particuli\u00e8rement ceux du cheval, de la vache, et de la ch\u00e8vre. Astuces, actualit\u00e9s, formations, stages, initiation, coaching sur etho-diversite.fr Coaching en ligne pour les 3 esp\u00e8ces et webinaire.","sameAs":["https:\/\/www.etho-diversit\u00e9.fr"]}]}},"_links":{"self":[{"href":"https:\/\/www.etho-diversite.fr\/index.php\/wp-json\/wp\/v2\/posts\/959"}],"collection":[{"href":"https:\/\/www.etho-diversite.fr\/index.php\/wp-json\/wp\/v2\/posts"}],"about":[{"href":"https:\/\/www.etho-diversite.fr\/index.php\/wp-json\/wp\/v2\/types\/post"}],"author":[{"embeddable":true,"href":"https:\/\/www.etho-diversite.fr\/index.php\/wp-json\/wp\/v2\/users\/1"}],"replies":[{"embeddable":true,"href":"https:\/\/www.etho-diversite.fr\/index.php\/wp-json\/wp\/v2\/comments?post=959"}],"version-history":[{"count":12,"href":"https:\/\/www.etho-diversite.fr\/index.php\/wp-json\/wp\/v2\/posts\/959\/revisions"}],"predecessor-version":[{"id":961,"href":"https:\/\/www.etho-diversite.fr\/index.php\/wp-json\/wp\/v2\/posts\/959\/revisions\/961"}],"wp:attachment":[{"href":"https:\/\/www.etho-diversite.fr\/index.php\/wp-json\/wp\/v2\/media?parent=959"}],"wp:term":[{"taxonomy":"category","embeddable":true,"href":"https:\/\/www.etho-diversite.fr\/index.php\/wp-json\/wp\/v2\/categories?post=959"},{"taxonomy":"post_tag","embeddable":true,"href":"https:\/\/www.etho-diversite.fr\/index.php\/wp-json\/wp\/v2\/tags?post=959"}],"curies":[{"name":"wp","href":"https:\/\/api.w.org\/{rel}","templated":true}]}}